{"id":1480,"date":"2020-11-14T19:17:00","date_gmt":"2020-11-14T19:17:00","guid":{"rendered":"http:\/\/juancarloscampos.net\/?p=1480"},"modified":"2020-11-14T19:20:33","modified_gmt":"2020-11-14T19:20:33","slug":"la-formacion-en-competencias-digitales-clave-en-el-presente-y-futuro-profesional","status":"publish","type":"post","link":"https:\/\/juancarloscampos.net\/?p=1480","title":{"rendered":"LA FORMACI\u00d3N EN COMPETENCIAS DIGITALES: CLAVE EN EL PRESENTE Y FUTURO PROFESIONAL."},"content":{"rendered":"\n<p>La competencia digital es clave para desarrollarse como profesional. Es una oportunidad de crecimiento, primordial en la Econom\u00eda del conocimiento y el desarrollo de la cultura digital. La formaci\u00f3n en competencias digitales tiene que estar presente a lo largo de la vida laboral. Evaluable por las empresas e instituciones que quieren una formaci\u00f3n adecuada a las necesidades reales del mercado. Los trabajadores deben tener plenas funcionalidades dentro del entorno digital. A esto se une la incorporaci\u00f3n de habilidades relacionadas con la creatividad e innovaci\u00f3n, b\u00e1sicas hoy en d\u00eda en la pr\u00e1ctica profesional.<\/p>\n\n\n\n<p>\u00bfQu\u00e9\ncompetencias son necesarias en el \u00e1mbito digital? <\/p>\n\n\n\n<p>&#8211; <strong>B\u00fasqueda\ny evaluaci\u00f3n de contenidos digitales<\/strong>. La b\u00fasqueda de informaci\u00f3n tiene que\nincluir una evaluaci\u00f3n cr\u00edtica de los recursos. Internet es un \u00e1mbito de\ninformaci\u00f3n sesgada. Cada vez m\u00e1s se confunde la informaci\u00f3n con el\nconocimiento. No se procesa la informaci\u00f3n, se difunde y se comparte a gran velocidad,\nprovocando la infoxicaci\u00f3n de los usuarios.<\/p>\n\n\n\n<p>&#8211; <strong>Comunicaci\u00f3n,\ncolaboraci\u00f3n<\/strong> y la <strong>gesti\u00f3n la identidad digital<\/strong>. Cada vez tiene m\u00e1s\nrelevancia nuestra presencia en internet. Conocer los medios digitales e\ninteractuar dice mucho de nosotros. Las empresas necesitan gestionar su imagen\nde marca y buscan profesionales que se comuniquen en l\u00ednea. La colaboraci\u00f3n y\nel trabajo en equipo es clave en los entornos de trabajo.<\/p>\n\n\n\n<p>&#8211; <strong>Generar\ncontenidos de calidad<\/strong> en entornos digitales. El aprendizaje de nuevas\nherramientas digitales que favorezcan generar nuevas ideas y contenidos. Poder\ndistribuir contenidos en distintos canales de comunicaci\u00f3n. Buscar nuevos\ncanales que favorezcan la colaboraci\u00f3n dentro del \u00e1mbito empresarial. El uso de\nlas redes sociales corporativas y la difusi\u00f3n a trav\u00e9s de ella. La tecnolog\u00eda\nse convierte en un aliado de la organizaci\u00f3n. Tiene que ser un motor de cambio\ny mejora constante.<\/p>\n\n\n\n<p>&#8211; La <strong>seguridad<\/strong>\ny la protecci\u00f3n de la informaci\u00f3n. Entender los riesgos que supone el trabajo\nen entornos digitales. Mantener comportamientos seguros ante la proliferaci\u00f3n\nde software malicioso. Poner en pr\u00e1ctica las normativas en materia de\nprotecci\u00f3n de datos. Conocer la pol\u00edtica de privacidad y derivados del mal uso\nde la informaci\u00f3n. <\/p>\n\n\n\n<p>&#8211; Ser un <strong>agente\nde cambio tecnol\u00f3gico<\/strong>. Las empresas buscan soluciones ante los cambios\ntecnol\u00f3gicos. Ser un agente de transformaci\u00f3n, supone identificar los problemas\ny ser innovador en las soluciones. De nuevo la creatividad tiene consecuencia\nsobre el aprendizaje colectivo dentro de entornos digitales, provocando el\ncambio. Un ejemplo de ello es el trabajo en entornos virtuales, que se ha\nacelerado en este \u00faltimo a\u00f1o. Solo aquellos trabajadores que se adaptan a las\nherramientas virtuales pueden gestionar los cambios que se producen en las organizaciones.\nSolo siendo eficientes en contexto digitales la empresa sigue generando valor\npara los clientes.<\/p>\n\n\n\n<p><span style=\"font-size:10px;\">Recurso gr\u00e1fico: rawpixel.com<\/span><\/p>\n","protected":false},"excerpt":{"rendered":"<p>La competencia digital es clave para desarrollarse como profesional. Es una oportunidad de crecimiento, primordial en la Econom\u00eda del conocimiento y el desarrollo de la cultura digital. La formaci\u00f3n en competencias digitales tiene que estar presente a lo largo de &hellip; <a href=\"https:\/\/juancarloscampos.net\/?p=1480\">Continuar<\/a><\/p>\n","protected":false},"author":1,"featured_media":1482,"comment_status":"open","ping_status":"open","sticky":false,"template":"","format":"standard","meta":{"kt_blocks_editor_width":"","footnotes":""},"categories":[87],"tags":[],"class_list":["post-1480","post","type-post","status-publish","format-standard","has-post-thumbnail","hentry","category-talento-directivo"],"_links":{"self":[{"href":"https:\/\/juancarloscampos.net\/index.php?rest_route=\/wp\/v2\/posts\/1480","targetHints":{"allow":["GET"]}}],"collection":[{"href":"https:\/\/juancarloscampos.net\/index.php?rest_route=\/wp\/v2\/posts"}],"about":[{"href":"https:\/\/juancarloscampos.net\/index.php?rest_route=\/wp\/v2\/types\/post"}],"author":[{"embeddable":true,"href":"https:\/\/juancarloscampos.net\/index.php?rest_route=\/wp\/v2\/users\/1"}],"replies":[{"embeddable":true,"href":"https:\/\/juancarloscampos.net\/index.php?rest_route=%2Fwp%2Fv2%2Fcomments&post=1480"}],"version-history":[{"count":5,"href":"https:\/\/juancarloscampos.net\/index.php?rest_route=\/wp\/v2\/posts\/1480\/revisions"}],"predecessor-version":[{"id":1487,"href":"https:\/\/juancarloscampos.net\/index.php?rest_route=\/wp\/v2\/posts\/1480\/revisions\/1487"}],"wp:featuredmedia":[{"embeddable":true,"href":"https:\/\/juancarloscampos.net\/index.php?rest_route=\/wp\/v2\/media\/1482"}],"wp:attachment":[{"href":"https:\/\/juancarloscampos.net\/index.php?rest_route=%2Fwp%2Fv2%2Fmedia&parent=1480"}],"wp:term":[{"taxonomy":"category","embeddable":true,"href":"https:\/\/juancarloscampos.net\/index.php?rest_route=%2Fwp%2Fv2%2Fcategories&post=1480"},{"taxonomy":"post_tag","embeddable":true,"href":"https:\/\/juancarloscampos.net\/index.php?rest_route=%2Fwp%2Fv2%2Ftags&post=1480"}],"curies":[{"name":"wp","href":"https:\/\/api.w.org\/{rel}","templated":true}]}}