{"id":1456,"date":"2019-07-02T06:07:34","date_gmt":"2019-07-02T06:07:34","guid":{"rendered":"http:\/\/juancarloscampos.net\/?p=1456"},"modified":"2019-07-02T06:18:25","modified_gmt":"2019-07-02T06:18:25","slug":"emprender-marca-personal-liderazgo","status":"publish","type":"post","link":"https:\/\/juancarloscampos.net\/?p=1456","title":{"rendered":"Emprender: marca personal &#038; liderazgo"},"content":{"rendered":"\n<p>\u201cLa marca personal genera confianza\u201d<\/p>\n\n\n\n<p>Asociamos la figura de muchas\nempresas a la personalidad de su creador. La marca personal es fundamental si\nqueremos asociarla a nuestro negocio. Tiene un efecto multiplicador. Los\nclientes quieren saber qui\u00e9n est\u00e1 detr\u00e1s de todo, poner cara a aquellos que\nforman parte del proyecto. \u00bfPor qu\u00e9 es necesaria la marca personal?:<\/p>\n\n\n\n<p>1.- <strong>Genera confianza<\/strong>. Desde un peque\u00f1o negocio a las grandes empresas\nque cotizan en bolsa, todo pasa por la reputaci\u00f3n que tengamos. Imaginemos\ncasos de empresas que se han desplomado por un rumor o noticias desalentadoras.\nSolo la posibilidad de perder la confianza que tienen depositadas las\ninversores puede producir efectos devastadores. Es el momento de actuar r\u00e1pido.\nSolo una persona con una marca personal de confianza puede frenar una situaci\u00f3n\ndesalentadora para la empresa. La gente sabe que te juegas tu prestigio con\ncada una de tus acciones y confiara en ti.<\/p>\n\n\n\n<p>2.- Es una <strong>tarjeta de visita<\/strong>. Tan importante es que nos conozcan, como que se\nlleven una buena impresi\u00f3n de nosotros. Podemos incidir en estas dos primeras\netapas de la comunicaci\u00f3n. Por un lado, que nos conozcan nuestros clientes y\nproveedores y por otro asociar una serie de caracter\u00edsticas. Si nosotros no lo\nhacemos, otros lo har\u00e1n. Ya no estar\u00e1 en nuestra mano poder modificar lo que\notros piensen. <\/p>\n\n\n\n<p>3.- Nos <strong>eval\u00faa<\/strong> ante posibles inversores. Si queremos obtener financiaci\u00f3n\nde forma tradicional o por nuevos caminos, lo primero que buscaran de nosotros,\nson nuestras referencias. Cu\u00e1l es nuestro historial, formaci\u00f3n y proyecto\nvital. Una marca personal que genere confianza ofrece oportunidades que de otro\nmodo no se conseguir\u00edan. Prestar dinero o patrocinar un proyecto no tiene que\nser un acto de fe. Tiene que ir m\u00e1s all\u00e1 y este \u201cm\u00e1s all\u00e1 es nuestra marca\npersonal\u201d. Se trata de ver c\u00f3mo nos hemos comportado en el pasado para\nllevarnos una idea de futuro de nuestra relaci\u00f3n.<\/p>\n\n\n\n<p>4.- Crea una <strong>historia<\/strong>. Es innato al ser humano la curiosidad por los dem\u00e1s e\nindagar en la&nbsp; historia personal de\naquellos que queremos conocer. Es la mejor forma de darnos a conocer y ser\nparte de una nueva empresa. Las historias nos inspiran y nos ayudan a\nproyectarnos. Tan importante como tener una buena idea es presentarla al mundo\nde la forma m\u00e1s atractiva posible. Es la \u00fanica forma de persuadir a nuestra\naudiencia.<\/p>\n\n\n\n<p>5.- Nos <strong>presentamos<\/strong> al mundo. Es la mejor t\u00e9cnica de relaciones p\u00fablicas.\nSe duplica el alcance de nuestra idea, si nosotros formamos parte de ella.\nTodos pensamos en Bill Gates encima del escenario cont\u00e1ndonos las bondades del\nnuevo Windows, es la imagen que nos queda. Sin embargo aporreamos el ordenador\ncada vez que nos cambian los iconos de sitio o se bloquea el programa. Bill ha\nsuperado su idea y sus productos, ha conseguido que su nombre sea tan\nreconocido como su logotipo de la ventana.<\/p>\n\n\n\n<p>6.- El <strong>liderazgo<\/strong> es parte de nuestro proyecto y una necesidad para las organizaciones. El Zumo de liderazgo tiene como componentes: \u00e9tica, valores, inteligencia emocional y comunicaci\u00f3n.<\/p>\n\n\n\n<p>Sin embargo, pueden surgir miedos\npor asociar nuestra marca al negocio. Si luego se fracasa, nuestra imagen se\npuede ver da\u00f1ada. Sin embargo siempre podremos achacar el mal paso al negocio y\ndesvincularlo de nuestra marca. La marca personal es una historia, con \u00e9xitos y\nfracasos, hay que integrarlos de forma que el resultado sea brillante, y nos\nhaga crecer como profesionales aportando lo mejor a nuestro negocio.<\/p>\n","protected":false},"excerpt":{"rendered":"<p>\u201cLa marca personal genera confianza\u201d Asociamos la figura de muchas empresas a la personalidad de su creador. La marca personal es fundamental si queremos asociarla a nuestro negocio. Tiene un efecto multiplicador. Los clientes quieren saber qui\u00e9n est\u00e1 detr\u00e1s de &hellip; <a href=\"https:\/\/juancarloscampos.net\/?p=1456\">Continuar<\/a><\/p>\n","protected":false},"author":1,"featured_media":1459,"comment_status":"open","ping_status":"open","sticky":false,"template":"","format":"standard","meta":{"kt_blocks_editor_width":"","footnotes":""},"categories":[87,1],"tags":[],"class_list":["post-1456","post","type-post","status-publish","format-standard","has-post-thumbnail","hentry","category-talento-directivo","category-uncategorized"],"_links":{"self":[{"href":"https:\/\/juancarloscampos.net\/index.php?rest_route=\/wp\/v2\/posts\/1456","targetHints":{"allow":["GET"]}}],"collection":[{"href":"https:\/\/juancarloscampos.net\/index.php?rest_route=\/wp\/v2\/posts"}],"about":[{"href":"https:\/\/juancarloscampos.net\/index.php?rest_route=\/wp\/v2\/types\/post"}],"author":[{"embeddable":true,"href":"https:\/\/juancarloscampos.net\/index.php?rest_route=\/wp\/v2\/users\/1"}],"replies":[{"embeddable":true,"href":"https:\/\/juancarloscampos.net\/index.php?rest_route=%2Fwp%2Fv2%2Fcomments&post=1456"}],"version-history":[{"count":3,"href":"https:\/\/juancarloscampos.net\/index.php?rest_route=\/wp\/v2\/posts\/1456\/revisions"}],"predecessor-version":[{"id":1461,"href":"https:\/\/juancarloscampos.net\/index.php?rest_route=\/wp\/v2\/posts\/1456\/revisions\/1461"}],"wp:featuredmedia":[{"embeddable":true,"href":"https:\/\/juancarloscampos.net\/index.php?rest_route=\/wp\/v2\/media\/1459"}],"wp:attachment":[{"href":"https:\/\/juancarloscampos.net\/index.php?rest_route=%2Fwp%2Fv2%2Fmedia&parent=1456"}],"wp:term":[{"taxonomy":"category","embeddable":true,"href":"https:\/\/juancarloscampos.net\/index.php?rest_route=%2Fwp%2Fv2%2Fcategories&post=1456"},{"taxonomy":"post_tag","embeddable":true,"href":"https:\/\/juancarloscampos.net\/index.php?rest_route=%2Fwp%2Fv2%2Ftags&post=1456"}],"curies":[{"name":"wp","href":"https:\/\/api.w.org\/{rel}","templated":true}]}}