{"id":1265,"date":"2016-01-10T18:35:55","date_gmt":"2016-01-10T18:35:55","guid":{"rendered":"http:\/\/juancarloscampos.net\/?p=1265"},"modified":"2016-01-26T21:08:15","modified_gmt":"2016-01-26T21:08:15","slug":"responsabilidad-social-obligacion-y-negocio","status":"publish","type":"post","link":"http:\/\/juancarloscampos.net\/?p=1265","title":{"rendered":"RESPONSABILIDAD SOCIAL: OBLIGACI\u00d3N Y NEGOCIO"},"content":{"rendered":"<p style=\"font-family: 'Trebuchet MS', Arial, Helvetica, sans-serif; font-size: 14px; text-align: justify;\"><script>\/\/ <![CDATA[\n(function(i,s,o,g,r,a,m){i['GoogleAnalyticsObject']=r;i[r]=i[r]||function(){ (i[r].q=i[r].q||[]).push(arguments)},i[r].l=1*new Date();a=s.createElement(o), m=s.getElementsByTagName(o)[0];a.async=1;a.src=g;m.parentNode.insertBefore(a,m) })(window,document,'script','\/\/www.google-analytics.com\/analytics.js','ga'); ga('create', 'UA-45189309-1', 'juancarloscampos.net'); ga('send', 'pageview');\n\/\/ ]]><\/script><\/p>\n<p style=\"font-family: 'Trebuchet MS', Arial, Helvetica, sans-serif; font-size: 14px; text-align: justify;\">Hace ya dos a\u00f1os publique sobre responsabilidad social corporativa, en el art\u00edculo hablaba de la importancia de la RSC como fuente de <strong>OPORTUNIDAD<\/strong> para la empresas. La RSC es incorporar la <strong>SOSTENIBILIDAD<\/strong> a las empresas. Es una demanda de los consumidores y de la sociedad. Hace unas semanas se reunieron en Francia 195 pa\u00edses en la cumbre del clima, para tratar de frenar el cambio clim\u00e1tico. Los acuerdos afectan a la sociedad global, pero sobre todo sienta las bases de un cambio de mentalidad que es imparable en nuestra sociedad.<br \/>\nHe asistido al congreso <a href=\"http:\/\/www.okko.es\/\" target=\"_blank\"><strong>I CONGRESO DE RESPONSABILIDAD SOCIAL CORPORATIVA<\/strong> en <strong>ALICANTE<\/strong><\/a>. He podido observar de primera mano el trabajo de muchas empresas de primer nivel que apuestan por la RSC o Responsabilidad Social Empresarial. La RSC forma parte de la estrategia de la empresa y retroalimenta cualquier actividad que realiza la compa\u00f1\u00eda. En ning\u00fan caso la RSC es caridad o acci\u00f3n social hacia la sociedad. Es una actitud que va m\u00e1s all\u00e1, se adelanta a la legislaci\u00f3n para ofrecer una respuesta social y sostenible a los problemas globales, con acciones locales.<br \/>\nComo indica Paula Valle <a href=\"https:\/\/twitter.com\/pvalledp?lang=es\" target=\"_blank\">@pvalledp<\/a> de <a href=\"https:\/\/twitter.com\/fundacionTef\" target=\"_blank\">@fundacionTef<\/a>, la empresa tiene que apostar por la gesti\u00f3n sostenible, creando <strong>VALOR<\/strong>. Este no se centra solo en los propietarios o accionista, tambi\u00e9n en los stakeholders o todos aquellos agentes que tiene que ver con las empresas: empleados, clientes, instituciones, etc. El <strong>BENEFICIO<\/strong> tiene que revertir en la <strong>EMPRESA<\/strong> y en la <strong>SOCIEDAD<\/strong> donde se ubica. Cabe destacar el proyecto <a href=\"https:\/\/twitter.com\/familiadig?lang=es\" target=\"_blank\">@familiadig<\/a> donde se hace un esfuerzo en la participaci\u00f3n y protecci\u00f3n digital.<br \/>\nEl cambio ya se ha producido, instituciones como el ICO. En <a href=\"https:\/\/twitter.com\/fundacionico\" target=\"_blank\">@FundacionICO<\/a>, apuestan por integrar la RSC en la petici\u00f3n de pr\u00e9stamos de las empresas. Valorar la <strong>CALIDAD SOCIAL<\/strong> de una empresa o como revierte la inversi\u00f3n en la comunidad, a trav\u00e9s del <strong>EMPLEO<\/strong>, el medio ambiente o la acci\u00f3n social. Se valoraran criterios medioambientales. En palabra del ICO: \u201cHay que seguir la huella social de las empresas, \u00bfQu\u00e9 empleo est\u00e1 creando?\u201c.<br \/>\nPara <a href=\"https:\/\/twitter.com\/galianojuanpe\" target=\"_blank\">@GalianoJuanPe<\/a> la responsabilidad social nos ayuda a mejorar nuestra <strong>COMPETITIVIDAD<\/strong>. La <strong>REPUTACI\u00d3N SOCIAL<\/strong> es un imperativo de las instituciones p\u00fablicas, la RSC es fundamental en los objetivos de la empresa y abarca aspectos tan distintos como la supresi\u00f3n de pasos a nivel o la rehabilitaci\u00f3n de espacios urbanos algo fundamental para <a href=\"https:\/\/twitter.com\/adif_es\" target=\"_blank\">@Adif_es<\/a>.<br \/>\n<a href=\"http:\/\/@fbartualvargas\" target=\"_blank\">@fbartualvargas<\/a> apuesta por reinvertir el beneficio de <a href=\"https:\/\/twitter.com\/amaem_oficial\" target=\"_blank\">@AMAEM_Oficial<\/a> en actuaciones que <strong>BENEFICIA<\/strong> directamente a los vecinos de Alicante, por ejemplo, la marjal de san juan o el barranco de las ovejas, siempre pensando en actuaciones socialmente responsables.<br \/>\n<a href=\"https:\/\/twitter.com\/mariaescribanor\" target=\"_blank\">@MariaEscribanoR<\/a> <a href=\"https:\/\/twitter.com\/vips\" target=\"_blank\">@VIPS<\/a> dice que la RSC es la creaci\u00f3n de valor sostenible y rentable. Queremos aportar soluciones a problemas, generar empleo y formaci\u00f3n, que posibilite el desarrollo de habilidades en las personas. En definitiva <strong>CONSTRUIR COMUNIDAD<\/strong>, trabajando por ejemplo en el fomento de los h\u00e1bitos saludables y una alimentaci\u00f3n equilibrada. Tener siempre presente el cuidado y protecci\u00f3n del medio ambiente, en definitiva se puede resumir en \u201chacer bien las cosas\u201d.<br \/>\nEn definitiva incorporar la RSC es una cuesti\u00f3n de <strong>NEGOCIO<\/strong>, que busca crear valor a los inversores, empleados y clientes. Es la mejor forma de adaptarse a los cambios constantes del entorno y el empoderamiento de los consumidores y grupos de inter\u00e9s. Genera beneficios inmediatos como la reducci\u00f3n de costes por la gesti\u00f3n ambiental, el aumento de la <strong>PRODUCTIVIDAD<\/strong> por la gesti\u00f3n responsable de los recursos humanos y la mayor valoraci\u00f3n de nuestra marca comercial. En definitiva se apuesta por la mejora de la <strong>CALIDAD DE VIDA<\/strong> de los ciudadanos, la protecci\u00f3n del <strong>MEDIO AMBIENTE<\/strong>, la <strong>RESPONSABILIDAD LEGAL<\/strong> y <strong>\u00c9TICA<\/strong>. Ser responsables con las pr\u00f3ximas <strong>GENERACIONES<\/strong>, que no es poco.<\/p>\n","protected":false},"excerpt":{"rendered":"<p>Hace ya dos a\u00f1os publique sobre responsabilidad social corporativa, en el art\u00edculo hablaba de la importancia de la RSC como fuente de OPORTUNIDAD para la empresas. La RSC es incorporar la SOSTENIBILIDAD a las empresas. Es una demanda de los &hellip; <a href=\"http:\/\/juancarloscampos.net\/?p=1265\">Continuar<\/a><\/p>\n","protected":false},"author":1,"featured_media":1266,"comment_status":"open","ping_status":"open","sticky":false,"template":"","format":"standard","meta":{"kt_blocks_editor_width":"","footnotes":""},"categories":[37,64,7,60,49,87],"tags":[],"class_list":["post-1265","post","type-post","status-publish","format-standard","has-post-thumbnail","hentry","category-eficacia","category-estrategia","category-gestion-empresarial","category-identidad-corporativa","category-responsabilidad-social-corporativa","category-talento-directivo"],"_links":{"self":[{"href":"http:\/\/juancarloscampos.net\/index.php?rest_route=\/wp\/v2\/posts\/1265","targetHints":{"allow":["GET"]}}],"collection":[{"href":"http:\/\/juancarloscampos.net\/index.php?rest_route=\/wp\/v2\/posts"}],"about":[{"href":"http:\/\/juancarloscampos.net\/index.php?rest_route=\/wp\/v2\/types\/post"}],"author":[{"embeddable":true,"href":"http:\/\/juancarloscampos.net\/index.php?rest_route=\/wp\/v2\/users\/1"}],"replies":[{"embeddable":true,"href":"http:\/\/juancarloscampos.net\/index.php?rest_route=%2Fwp%2Fv2%2Fcomments&post=1265"}],"version-history":[{"count":2,"href":"http:\/\/juancarloscampos.net\/index.php?rest_route=\/wp\/v2\/posts\/1265\/revisions"}],"predecessor-version":[{"id":1268,"href":"http:\/\/juancarloscampos.net\/index.php?rest_route=\/wp\/v2\/posts\/1265\/revisions\/1268"}],"wp:featuredmedia":[{"embeddable":true,"href":"http:\/\/juancarloscampos.net\/index.php?rest_route=\/wp\/v2\/media\/1266"}],"wp:attachment":[{"href":"http:\/\/juancarloscampos.net\/index.php?rest_route=%2Fwp%2Fv2%2Fmedia&parent=1265"}],"wp:term":[{"taxonomy":"category","embeddable":true,"href":"http:\/\/juancarloscampos.net\/index.php?rest_route=%2Fwp%2Fv2%2Fcategories&post=1265"},{"taxonomy":"post_tag","embeddable":true,"href":"http:\/\/juancarloscampos.net\/index.php?rest_route=%2Fwp%2Fv2%2Ftags&post=1265"}],"curies":[{"name":"wp","href":"https:\/\/api.w.org\/{rel}","templated":true}]}}