{"id":1132,"date":"2015-06-23T15:30:37","date_gmt":"2015-06-23T15:30:37","guid":{"rendered":"http:\/\/juancarloscampos.net\/?p=1132"},"modified":"2015-06-23T15:37:56","modified_gmt":"2015-06-23T15:37:56","slug":"linkedin-para-empresas","status":"publish","type":"post","link":"http:\/\/juancarloscampos.net\/?p=1132","title":{"rendered":"LINKEDIN PARA EMPRESAS"},"content":{"rendered":"<p style=\"font-family: 'Trebuchet MS', Arial, Helvetica, sans-serif; font-size: 14px; text-align: justify;\"><script>\/\/ <![CDATA[\n(function(i,s,o,g,r,a,m){i['GoogleAnalyticsObject']=r;i[r]=i[r]||function(){   (i[r].q=i[r].q||[]).push(arguments)},i[r].l=1*new Date();a=s.createElement(o),   m=s.getElementsByTagName(o)[0];a.async=1;a.src=g;m.parentNode.insertBefore(a,m)   })(window,document,'script','\/\/www.google-analytics.com\/analytics.js','ga');   ga('create', 'UA-45189309-1', 'juancarloscampos.net');   ga('send', 'pageview');\n\/\/ ]]><\/script><\/p>\n<p style=\"font-family: 'Trebuchet MS', Arial, Helvetica, sans-serif; font-size: 14px; text-align: justify;\">Linkedin es la red <strong>PROFESIONAL<\/strong> que cuenta con m\u00e1s de 360 millones de usuarios. Es una oportunidad para los profesionales y las empresas. Nuestra empresa forma parte de un ecosistema digital que es imprescindible en nuestras relaciones comerciales. Necesitamos de esta potente <strong>HERRAMIENTA<\/strong> de comunicaci\u00f3n para alcanzar nuestros objetivos.<br \/>\n\u00bfQu\u00e9 puede aportar Linkedin a nuestra empresa?. En primer lugar tenemos que plantear nuestra estrategia dentro de la compa\u00f1\u00eda, definiendo nuestro mensaje y sobre todo a quien nos dirigimos. Para obtener el <strong>\u00c9XITO<\/strong> en nuestro lanzamiento hay que marcarse un objetivo medible y alcanzable. Tenemos que ser realistas en nuestras pretensiones.<br \/>\nSi queremos incorporar Linkedin con proyecci\u00f3n en nuestra empresa, hay que apostar por la <strong>VISIBILIDAD<\/strong> de nuestro profesionales. Tiene que haber una coherencia entre el perfil de empresa y cada uno de los profesionales que forman la empresa. Nuestro negocio es el nodo de una red que vamos a crear y alrededor tiene que crecer con perfiles potentes. Hay que hacer un esfuerzo por<strong> OPTIMIZAR<\/strong> la imagen de la empresa y desarrollar la marca personal de los empleados. Las empresas tienen el rostro de quienes la forman. Nuestra marca comercial es la suma de sus profesionales y tiene que proyectarse en la misma direcci\u00f3n.<br \/>\nLinkedin cuenta con la posibilidad de crear la p\u00e1gina de nuestra empresa. La primera dificultad que encontramos, es que las <strong>PERSONAS<\/strong> quieren relacionarse con personas y tenemos que hacer todo lo posible porque esto sea as\u00ed. Nuestra empresa tiene que apostar por aportar <strong>VALOR<\/strong> en cada uno de los contactos que tenemos. Para ello es necesario:<\/p>\n<blockquote><p>1.- Poner <strong>ROSTRO<\/strong> a nuestra compa\u00f1\u00eda. Colocar a nuestra empresa en el plano persona-persona. Lejos queda ya la desigualdad en la relaci\u00f3n con el cliente. Hay que ganarse la confianza del cliente y ocultarse tras una marca ya no es la soluci\u00f3n.<br \/>\n2.- Mantener una actitud <strong>PROACTIVA<\/strong>. Ser accesible a las necesidades del cliente. Buscar la comunicaci\u00f3n en ambas direcciones.<br \/>\n3.- Generar valor en nuestro <strong>CONTENIDOS<\/strong>. La informaci\u00f3n que aportemos tiene que ser \u00fatil para nuestros clientes. La informaci\u00f3n pr\u00e1ctica es muy valorada por los usuarios.<br \/>\n4.- Aportar <strong>NOVEDADES<\/strong> de la empresa y el sector. Esto es muy valorado por los clientes. Las empresas tienen que facilitar al m\u00e1ximo el trabajo de crecimiento de los profesionales. Esto crea un beneficio inmediato y consolida la relaci\u00f3n.<br \/>\n5.- Crear relaciones profesionales orientadas a los <strong>NEGOCIOS<\/strong>. Mientras que en otras redes sociales priman otras motivaciones, en Linkedin el objetivo es crear contactos que nos hagan crecer profesionalmente.<\/p><\/blockquote>\n","protected":false},"excerpt":{"rendered":"<p>Linkedin es la red PROFESIONAL que cuenta con m\u00e1s de 360 millones de usuarios. Es una oportunidad para los profesionales y las empresas. Nuestra empresa forma parte de un ecosistema digital que es imprescindible en nuestras relaciones comerciales. Necesitamos de &hellip; <a href=\"http:\/\/juancarloscampos.net\/?p=1132\">Continuar<\/a><\/p>\n","protected":false},"author":1,"featured_media":1133,"comment_status":"open","ping_status":"open","sticky":false,"template":"","format":"standard","meta":{"kt_blocks_editor_width":"","footnotes":""},"categories":[37,64,76,23,4,5],"tags":[],"class_list":["post-1132","post","type-post","status-publish","format-standard","has-post-thumbnail","hentry","category-eficacia","category-estrategia","category-linkedin","category-marca-personal","category-marketing-digital","category-social-media"],"_links":{"self":[{"href":"http:\/\/juancarloscampos.net\/index.php?rest_route=\/wp\/v2\/posts\/1132","targetHints":{"allow":["GET"]}}],"collection":[{"href":"http:\/\/juancarloscampos.net\/index.php?rest_route=\/wp\/v2\/posts"}],"about":[{"href":"http:\/\/juancarloscampos.net\/index.php?rest_route=\/wp\/v2\/types\/post"}],"author":[{"embeddable":true,"href":"http:\/\/juancarloscampos.net\/index.php?rest_route=\/wp\/v2\/users\/1"}],"replies":[{"embeddable":true,"href":"http:\/\/juancarloscampos.net\/index.php?rest_route=%2Fwp%2Fv2%2Fcomments&post=1132"}],"version-history":[{"count":3,"href":"http:\/\/juancarloscampos.net\/index.php?rest_route=\/wp\/v2\/posts\/1132\/revisions"}],"predecessor-version":[{"id":1136,"href":"http:\/\/juancarloscampos.net\/index.php?rest_route=\/wp\/v2\/posts\/1132\/revisions\/1136"}],"wp:featuredmedia":[{"embeddable":true,"href":"http:\/\/juancarloscampos.net\/index.php?rest_route=\/wp\/v2\/media\/1133"}],"wp:attachment":[{"href":"http:\/\/juancarloscampos.net\/index.php?rest_route=%2Fwp%2Fv2%2Fmedia&parent=1132"}],"wp:term":[{"taxonomy":"category","embeddable":true,"href":"http:\/\/juancarloscampos.net\/index.php?rest_route=%2Fwp%2Fv2%2Fcategories&post=1132"},{"taxonomy":"post_tag","embeddable":true,"href":"http:\/\/juancarloscampos.net\/index.php?rest_route=%2Fwp%2Fv2%2Ftags&post=1132"}],"curies":[{"name":"wp","href":"https:\/\/api.w.org\/{rel}","templated":true}]}}